{"id":10760,"date":"2018-12-19T11:46:25","date_gmt":"2018-12-19T10:46:25","guid":{"rendered":"https:\/\/www.galde.eu\/?p=10760"},"modified":"2018-12-22T00:09:20","modified_gmt":"2018-12-21T23:09:20","slug":"dossier-galde-23-turistizacion-debate","status":"publish","type":"post","link":"https:\/\/www.galde.eu\/es\/dossier-galde-23-turistizacion-debate\/","title":{"rendered":"Dossier Galde 23. \u00abLa Turistizacio\u0301n a debate\u00bb"},"content":{"rendered":"<p><a href=\"https:\/\/www.galde.eu\/wp-content\/uploads\/2018\/12\/dossierturisti23-580.jpg\"><img loading=\"lazy\" decoding=\"async\" class=\"aligncenter size-full wp-image-10770 colorbox-10760\" src=\"https:\/\/www.galde.eu\/wp-content\/uploads\/2018\/12\/dossierturisti23-580.jpg\" alt=\"\" width=\"580\" height=\"480\" data-id=\"10770\" srcset=\"https:\/\/www.galde.eu\/wp-content\/uploads\/2018\/12\/dossierturisti23-580.jpg 580w, https:\/\/www.galde.eu\/wp-content\/uploads\/2018\/12\/dossierturisti23-580-300x248.jpg 300w\" sizes=\"auto, (max-width: 580px) 100vw, 580px\" \/><\/a><\/p>\n<p>&nbsp;<\/p>\n<p class=\"p1\"><span class=\"s1\">(Galde 23, 2019\/invierno).\u00a0<\/span><\/p>\n<p><strong>DOSSIER:\u00a0La Turistizacio\u0301n a debate<\/strong><b>. Introducci\u00f3n<\/b><\/p>\n<p><strong>22.<\/strong> <a href=\"https:\/\/www.galde.eu\/fenomeno-inquietante-nuestro-tiempo\/\">Un fen\u00f3meno inquietante de nuestro tiempo<\/a>.\u00a0<a href=\"https:\/\/www.galde.eu\/autores\/colectivo-mugalariak\/\"><strong><em>Colectivo<\/em><\/strong>\u00a0<strong><em>Mugalariak<\/em><\/strong><\/a><\/p>\n<p><strong>26.<\/strong> <a href=\"https:\/\/www.galde.eu\/clase-turista-no-trabajad-nunca\/\">Clase turista. \u00abNo trabajad nunca\u00bb<\/a>. <a href=\"https:\/\/www.galde.eu\/autores\/begona-pernas-riano\/\"><strong><em>Bego\u00f1a Pern\u00e1s Ria\u00f1o<\/em><\/strong><\/a><\/p>\n<p><strong>30.<\/strong> <a href=\"https:\/\/www.galde.eu\/es\/el-turismo-te-molesta-es-economia\/\">\u00bfEl turismo te molesta? Es la econom\u00eda est\u00fapido<\/a>.\u00a0<a href=\"https:\/\/www.galde.eu\/autores\/pedro-bravo\/\"><strong><em>Pedro Bravo<\/em><\/strong><\/a><\/p>\n<p><strong>33.<\/strong> <a href=\"https:\/\/www.galde.eu\/turismofobia-turismofilia\/\">Turismofobia y turismofilia<\/a>. <a href=\"https:\/\/www.galde.eu\/autores\/china-cabrerizo\/\"><em><strong>China Cabrerizo<\/strong><\/em><\/a><\/p>\n<p><strong>35.\u00a0<\/strong> <a href=\"https:\/\/www.galde.eu\/en-busca-economia-colaborativa\/\">Fairbnb: una alternativa responsable en busca de una econom\u00eda colaborativa real<\/a>. <a href=\"https:\/\/www.galde.eu\/autores\/sito-veracruz\/\"><em><strong>Sito Veracruz<\/strong><\/em><\/a><\/p>\n<p><strong>38.\u00a0<\/strong> <a href=\"https:\/\/www.galde.eu\/es\/barcelona-turismo-respuestas\/\">Barcelona: turismo masivo y respuestas pol\u00edticas y sociales<\/a>. <a href=\"https:\/\/www.galde.eu\/autores\/albert-recio\/\"><em><strong>Albert Recio<\/strong><\/em><\/a><\/p>\n<p><strong>40.<\/strong> <a href=\"https:\/\/www.galde.eu\/derecho-ciudad-efectos-del-turismo\/\">El derecho a la ciudad y los efectos del turismo<\/a>. <em><strong><a href=\"https:\/\/www.galde.eu\/autores\/jorge-duarte\/\">Jorge Duarte<\/a><\/strong><\/em><\/p>\n<p><strong>43.\u00a0<\/strong> <a href=\"https:\/\/www.galde.eu\/donostia-paradigma-turistizacion\/\">Donostia, paradigma de la turistizaci\u00f3n en Euskadi<\/a>. <a href=\"https:\/\/www.galde.eu\/autores\/colectivo-mugalariak\/\"><strong><em>Colectivo<\/em><\/strong>\u00a0<strong><em>Mugalariak<\/em><\/strong><\/a><\/p>\n<p><strong>48.\u00a0<\/strong> <a href=\"https:\/\/www.galde.eu\/libros-y-referencias-para-el-dossier-galde-23\/\">Libros y referencias para el Dossier Galde 23<\/a>.<\/p>\n<p><strong>&#8212;-<\/strong><\/p>\n<p><strong>Introducci\u00f3n al Dossier Galde 23<\/strong><\/p>\n<p><em>\u201cLa suma de nuevas tecnolog\u00edas, pisos tur\u00edsticos sin control y vuelos low cost ha convertido el turismo en un fen\u00f3meno de masas que provoca las protestas de los vecinos y obliga a los poderes p\u00fablicos a regular.<\/em><\/p>\n<p><em>Ej\u00e9rcitos de termitas devoran las ciudades por dentro. Queda el decorado, un cuerpo sin savia. La oferta hotelera se multiplica debido al man\u00e1 de los pisos tur\u00edsticos. Es la fiebre del oro, otra burbuja de un capitalismo salvaje que se mueve m\u00e1s r\u00e1pido que los gobiernos, las leyes y los controles. Los propietarios renuncian a los inquilinos de larga duraci\u00f3n para engancharse al negocio del alquiler discontinuo. Suben los precios, desaparecen los vecinos tradicionales reemplazados por turistas. Con ello se evapora el comercio de barrio, brotan las tiendas de recuerdos, la comida basura y los alquileres de \u201csegway\u201d, veh\u00edculos de dos ruedas que invaden las zonas peatonales\u2026..Vamos hacia el parque tem\u00e1tico. \u201c(Ram\u00f3n Lobo. Tinta Libre n\u00ba 49)<\/em><\/p>\n<p>No en todos los lugares el fen\u00f3meno se manifiesta con la misma intensidad ni se gestiona de la misma manera, pero presenta rasgos comunes all\u00ed donde se abre la posibilidad del negocio. Y se abre cada vez m\u00e1s a todo lo largo y ancho del planeta, de manera que el turismo es el sector econ\u00f3mico que m\u00e1s crece en todo el mundo, y supone ya m\u00e1s del 10% del producto interior bruto mundial. Pero no es un sector econ\u00f3mico m\u00e1s; su conexi\u00f3n directa con todos los \u00e1mbitos de la actividad econ\u00f3mica le confiere un car\u00e1cter transversal, y por lo tanto una enorme capacidad condicionante tanto social como pol\u00edticamente. Nuestras relaciones de vecindad, el precio del alquiler de la vivienda que necesitamos, el comercio que nos abastece, la oferta cultural que nos alimenta, o el espacio p\u00fablico en el que nos socializamos, todo ello, y por citar s\u00f3lo algunos de los aspectos que pueden resultar m\u00e1s evidentes, se ve sometido a profundas tensiones de cambio como consecuencia del impacto de la actividad tur\u00edstica sobre nuestras ciudades y sobre nuestro territorio.<\/p>\n<p>Tales caracter\u00edsticas hacen del turismo de nuestros d\u00edas un fen\u00f3meno que poco tiene que ver con el de playa y chiringuito de \u00e9pocas pasadas. Un fen\u00f3meno nuevo que debe ser entendido en toda su complejidad, como condici\u00f3n necesaria para evitar los devastadores efectos que puede provocar si se rige exclusivamente por su l\u00f3gica econ\u00f3mica, y para su asimilaci\u00f3n como factor positivo de construcci\u00f3n social<\/p>\n<p>Es preciso por lo tanto denunciar la banalizaci\u00f3n irresponsable de los mensajes que tan frecuentemente trasladan a la sociedad los operadores tur\u00edsticos y tambi\u00e9n las instituciones p\u00fablicas, cuando se limitan a presentar el turismo como una gran oportunidad, y procede recordar que en relaci\u00f3n con el incremento tur\u00edstico previsto para los pr\u00f3ximos a\u00f1os, las propias Naciones Unidas planteaban hace unos meses la cuesti\u00f3n en t\u00e9rminos de \u201c\u00bfDesastre u oportunidad?\u201d. Si es as\u00ed, si alberga potencialidades pero tambi\u00e9n constituye una amenaza, debemos conocerlo mejor, y \u00e9se es el prop\u00f3sito del dosier que presentamos.<\/p>\n<div class=\"page\" title=\"Page 22\">\n<div class=\"layoutArea\">\n<div class=\"column\">\n<p>Para ello y en primer lugar, el colectivo Mugalariak, habitual colaborador, nos ofrece una visio\u0301n panora\u0301mica sobre los datos que identifican el feno\u0301meno de la turistizacio\u0301n, sobre los factores que explican su espectacular desarrollo, y sobre la complejidad de sus efectos.<\/p>\n<\/div>\n<\/div>\n<\/div>\n<p>En la secci\u00f3n de art\u00edculos, y en primer lugar, Bego\u00f1a Pern\u00e1s, aborda el turismo como se abordan las civilizaciones, intentando entender las grandes relaciones que lo describen, y situando al turismo y \u201cLa clase turista\u201d en su contexto hist\u00f3rico y cultural.<\/p>\n<p>Por su parte Pedro Bravo nos expone con profusi\u00f3n de datos y ejemplos, el car\u00e1cter y la dimensi\u00f3n internacional del fen\u00f3meno, as\u00ed como sus consecuencias sobre las econom\u00edas locales y sobre sus reales beneficiarios. Tambi\u00e9n sobre ello y sobre una de sus derivadas m\u00e1s medi\u00e1ticas, la turismofobia, profundiza en su art\u00edculo China Cabrerizo, y sobre las iniciativas de econom\u00eda colaborativa surgidas al calor del crecimiento tur\u00edstico, sobre sus expectativas iniciales, frustraciones y alternativas, nos habla Sito Veracruz, impulsor de Fairbnb, como posibilidad de plataforma que tenga en cuenta las externalidades negativas de la actividad tur\u00edstica, y m\u00e1s concretamente del alquiler de alojamientos tur\u00edsticos.<\/p>\n<p>Para aproximar las reflexiones de car\u00e1cter general a nuestra realidad concreta incluimos tres art\u00edculos centrados en la experiencia que en relaci\u00f3n con el desarrollo del fen\u00f3meno tur\u00edstico acumulan tres ciudades de muy diferentes caracter\u00edsticas tanto en lo econ\u00f3mico como en lo social. Seg\u00fan los par\u00e1metros convencionales, Barcelona se considera una ciudad de \u00e9xito y el turismo es uno de sus componentes principales. Esta es la cara; la cruz son los costes sociales que el modelo genera y que Albert Recio analiza en su art\u00edculo; Jorge Duarte nos traslada la experiencia de Santiago de Compostela desde donde reclama el derecho a la ciudad que el descontrol de la actividad tur\u00edstica disuelve en un escaparate y finalmente el colectivo Mugalariak, colaborador habitual, se centra en el estudio de Donostia como paradigma de la turistizaci\u00f3n en Euskadi, donde algunos pretenden que no pasa nada nuevo por m\u00e1s que la realidad demuestre lo contrario.<\/p>\n<p>Como complemento de este \u00faltimo art\u00edculo, y en cierta medida tambi\u00e9n de los anteriores, el mismo colectivo nos ha aportado un detenido an\u00e1lisis sobre el fen\u00f3meno tur\u00edstico: razones de su espectacular crecimiento, caracter\u00edsticas, externalidades y consecuencias, que hemos considerado del m\u00e1ximo inter\u00e9s, pero que por razones de espacio se incluye solamente en la edici\u00f3n digital del dosier.<\/p>\n<p>Y como cierre, la consabida recomendaci\u00f3n de publicaciones relacionadas con el tema.<\/p>\n","protected":false},"excerpt":{"rendered":"<p>(Galde 23, 2019\/invierno). Dossier: \u00abLa Turistizacio\u0301n a debate\u00bb.-\u00a0\u00a0\u201cLa suma de nuevas tecnolog\u00edas, pisos tur\u00edsticos sin control y vuelos low cost ha convertido el turismo en un fen\u00f3meno de masas que provoca las protestas de los vecinos y obliga a los poderes p\u00fablicos a regular.\u00bb Afecta a nuestras relaciones de vecindad, el precio del alquiler de [&hellip;]<\/p>\n","protected":false},"author":2,"featured_media":10774,"comment_status":"closed","ping_status":"open","sticky":false,"template":"","format":"standard","meta":{"footnotes":""},"categories":[2,7,61,5],"tags":[],"class_list":["post-10760","post","type-post","status-publish","format-standard","has-post-thumbnail","hentry","category-dossier","category-economia","category-indicedossier","category-politica","revista-galde-n23"],"_links":{"self":[{"href":"https:\/\/www.galde.eu\/es\/wp-json\/wp\/v2\/posts\/10760","targetHints":{"allow":["GET"]}}],"collection":[{"href":"https:\/\/www.galde.eu\/es\/wp-json\/wp\/v2\/posts"}],"about":[{"href":"https:\/\/www.galde.eu\/es\/wp-json\/wp\/v2\/types\/post"}],"author":[{"embeddable":true,"href":"https:\/\/www.galde.eu\/es\/wp-json\/wp\/v2\/users\/2"}],"replies":[{"embeddable":true,"href":"https:\/\/www.galde.eu\/es\/wp-json\/wp\/v2\/comments?post=10760"}],"version-history":[{"count":0,"href":"https:\/\/www.galde.eu\/es\/wp-json\/wp\/v2\/posts\/10760\/revisions"}],"wp:featuredmedia":[{"embeddable":true,"href":"https:\/\/www.galde.eu\/es\/wp-json\/wp\/v2\/media\/10774"}],"wp:attachment":[{"href":"https:\/\/www.galde.eu\/es\/wp-json\/wp\/v2\/media?parent=10760"}],"wp:term":[{"taxonomy":"category","embeddable":true,"href":"https:\/\/www.galde.eu\/es\/wp-json\/wp\/v2\/categories?post=10760"},{"taxonomy":"post_tag","embeddable":true,"href":"https:\/\/www.galde.eu\/es\/wp-json\/wp\/v2\/tags?post=10760"}],"curies":[{"name":"wp","href":"https:\/\/api.w.org\/{rel}","templated":true}]}}